{"id":8212,"date":"2026-03-10T12:17:50","date_gmt":"2026-03-10T11:17:50","guid":{"rendered":"https:\/\/elite-news.com\/?p=8212"},"modified":"2026-03-10T12:17:54","modified_gmt":"2026-03-10T11:17:54","slug":"conflict-in-het-midden-oosten-energierisicos-staan-centraal-in-de-aandacht","status":"publish","type":"post","link":"https:\/\/elite-news.com\/nl\/conflict-in-het-midden-oosten-energierisicos-staan-centraal-in-de-aandacht\/","title":{"rendered":"Conflict in het Midden-Oosten: energierisico\u2019s staan centraal in de aandacht."},"content":{"rendered":"\n<p><strong>Hoe reageert een VALUE-beheerder zoals L\u00e9on Kirch in een conflict zoals we dat vandaag kennen?<\/strong><\/p>\n\n\n\n<p><strong>Het antwoord vindt u in zijn zeer uitgebreide nota.<\/strong><\/p>\n\n\n\n<p><strong>09\/03\/2026<\/strong><\/p>\n\n\n\n<p>Het lijkt mij zeer belangrijk om in deze periodes van meer \u201ccomplexe\u201d markten te communiceren. Daarom neem ik het initiatief om u de nota van onze CEO, de heer&nbsp;<strong>Leon Kirch<\/strong>, te bezorgen.<\/p>\n\n\n\n<p>Ik wens u een uitstekende lectuur toe en vooral\u2026&nbsp;<strong>geen paniek. Long term investing always wins.<\/strong><\/p>\n\n\n\n<hr class=\"wp-block-separator has-alpha-channel-opacity\"\/>\n\n\n\n<p><strong>\u201cDe recente escalatie in het Midden-Oosten heeft vanzelfsprekend de financi\u00eble markten verstoord. Naast de tragische menselijke gevolgen proberen beleggers te bepalen of dit een geopolitieke schok is met beperkte economische impact, dan wel of het kan uitgroeien tot een ernstigere situatie door een aanhoudende stijging van de energieprijzen.<\/strong><\/p>\n\n\n\n<p>Dit onderscheid is essentieel.<\/p>\n\n\n\n<p>Zoals we vorige week in onze dagelijkse nota\u2019s hebben benadrukt, hebben financi\u00eble markten historisch gezien een opmerkelijk vermogen getoond om geopolitieke gebeurtenissen op termijn te absorberen. Oorlogen en militaire conflicten veroorzaken vaak volatiliteit op korte termijn, maar ze doen het langetermijntraject van productieve activa niet automatisch ontsporen. De belangrijkste uitzondering ontstaat wanneer een conflict uitmondt in een energieschok. Dat was het geval tijdens de&nbsp;<strong>Jom Kipoeroorlog<\/strong>&nbsp;en de daaropvolgende oliecrisis. Het is vandaag ook het belangrijkste risico dat door beleggers wordt opgevolgd.&nbsp;<strong>BlackRock<\/strong>&nbsp;en&nbsp;<strong>Goldman Sachs Asset Management<\/strong>&nbsp;benadrukken in grote lijnen hetzelfde punt: het echte transmissiekanaal is energie, en de bredere impact op de markten hangt vooral af van een duurzame verstoring van de fysieke stromen van olie en gas.<\/p>\n\n\n\n<hr class=\"wp-block-separator has-alpha-channel-opacity\"\/>\n\n\n\n<h3 class=\"wp-block-heading\">Wat de markten de afgelopen vijf dagen hebben gedaan<\/h3>\n\n\n\n<p>Drie punten springen duidelijk naar voren.<\/p>\n\n\n\n<p>Ten eerste gaat het niet om een uniforme daling van de aandelenmarkten. De druk was groter in Europa en andere markten die meer blootgesteld zijn aan energie-import en economische cycli, terwijl de Verenigde Staten relatief beter standhielden. Deze relatieve veerkracht werd ook ondersteund door de sterkte van de dollar.<\/p>\n\n\n\n<p>Ten tweede vond de duidelijkste reactie plaats in de energiesector. De olieprijs steeg sterk, veel meer dan de meeste andere activaklassen. Dit wijst erop dat de markten niet enkel reageren op geopolitieke krantenkoppen. Ze herwaarderen een concreet macro-economisch risico: de mogelijkheid dat dit conflict de energievoorziening, de inflatie en bijgevolg het monetair beleid be\u00efnvloedt.<\/p>\n\n\n\n<p>Ten derde gaat het niet om een klassieke \u201crisk-off\u201d-episode waarbij staatsobligaties onmiddellijk bescherming bieden. De obligatierentes zijn gestegen in plaats van gedaald. Dat is een zeer belangrijk signaal. Het suggereert dat de markten de huidige schok minder zien als een vrees voor economische vertraging, maar eerder als een potentieel inflatoire verstoring.<\/p>\n\n\n\n<p>Deze combinatie \u2014&nbsp;<strong>hogere olieprijzen, een sterkere dollar en stijgende lange rentevoeten<\/strong>&nbsp;\u2014 vat de huidige boodschap van de markten samen.<\/p>\n\n\n\n<p>Die boodschap was ook zichtbaar maandagochtend. Volgens&nbsp;<strong>Reuters<\/strong>&nbsp;daalde de&nbsp;<strong>Nikkei-index<\/strong>&nbsp;in Japan met meer dan 6%, terwijl de futures op Amerikaanse en Europese aandelen opnieuw in het rood gingen, doordat beleggers het risico op een bredere energieschok herwaarderen.<\/p>\n\n\n\n<hr class=\"wp-block-separator has-alpha-channel-opacity\"\/>\n\n\n\n<h3 class=\"wp-block-heading\">Olie blijft de belangrijkste variabele<\/h3>\n\n\n\n<p>Zoals we in onze recente&nbsp;<strong>Daily Instagraphs<\/strong>&nbsp;en opnieuw in de nota van vandaag hebben aangegeven, is de echte vraag niet of geopolitieke krantenkoppen volatiliteit cre\u00ebren. Dat doen ze altijd.<\/p>\n\n\n\n<p>De echte vraag is of het conflict zich vertaalt in een&nbsp;<strong>inflatieschok via energie<\/strong>.<\/p>\n\n\n\n<p>Dat risico neemt duidelijk toe. Ruwe olie wordt nu verhandeld rond of boven&nbsp;<strong>110 USD per vat<\/strong>, en de beweging zelf is bijna even belangrijk als het exacte niveau. De markt probeert niet alleen de huidige verstoring in te prijzen, maar ook de mogelijkheid van een bredere aantasting van de bevoorradingsstromen.<\/p>\n\n\n\n<p>Grote financi\u00eble instellingen blijven benadrukken dat de situatie veel gevaarlijker zou worden als kritieke infrastructuur beschadigd raakt of als de&nbsp;<strong>Straat van Hormuz<\/strong>&nbsp;langdurig wordt verstoord.<\/p>\n\n\n\n<p>Als de energieprijzen langer hoog blijven, worden de gevolgen aanzienlijk ernstiger.<br>De algemene inflatie zou opnieuw stijgen, de koopkracht van consumenten zou dalen, de marges van energie-intensieve sectoren zouden onder druk komen te staan en centrale banken zouden opnieuw geconfronteerd worden met een moeilijke afweging tussen tragere groei en hernieuwde inflatie.<\/p>\n\n\n\n<p>Dat is precies het punt dat we vandaag wilden benadrukken: op dit moment is het risico niet enkel geopolitiek, maar&nbsp;<strong>macro-economisch<\/strong>.<\/p>\n\n\n\n<p>Dit gebeurt bovendien op een delicaat moment, aangezien de Amerikaanse arbeidsmarkt al tekenen van verzwakking vertoonde v\u00f3\u00f3r de laatste escalatie. De meest recente werkgelegenheidsgegevens waren zwakker dan verwacht, de werkloosheid is gestegen en de recente trend in jobcreatie is minder overtuigend geworden.<\/p>\n\n\n\n<p>In die context zou een nieuwe olieschok een economie treffen die al aan momentum verliest, waardoor het monetair-beleidsdilemma van de&nbsp;<strong>Federal Reserve<\/strong>&nbsp;nog complexer wordt.<\/p>\n\n\n\n<p>Met andere woorden: een olieschok zou niet alleen een marktevenement zijn, maar ook een&nbsp;<strong>macro-economisch evenement<\/strong>.<\/p>\n\n\n\n<p>Voorlopig is het echter nog te vroeg om te concluderen dat we op weg zijn naar een herhaling van de jaren 1970. Dat is ook de algemene conclusie van verschillende grote financi\u00eble instellingen.&nbsp;<strong>UBS<\/strong>&nbsp;meent dat, indien een duurzame verstoring van het aanbod wordt vermeden, de totale economische schade beperkt zou moeten blijven. Het basisscenario van&nbsp;<strong>Goldman Sachs<\/strong>&nbsp;blijft gematigder, al erkent men dat een duidelijk hogere olieprijs de groei zou afremmen en de inflatiedruk zou verhogen.<\/p>\n\n\n\n<hr class=\"wp-block-separator has-alpha-channel-opacity\"\/>\n\n\n\n<h3 class=\"wp-block-heading\">Waarom goud nog niet sterker is gestegen<\/h3>\n\n\n\n<p>Goud heeft relatief goed gepresteerd, maar minder sterk dan men in zo\u2019n omgeving had kunnen verwachten.<\/p>\n\n\n\n<p>Dat is op zich interessant.<\/p>\n\n\n\n<p>Een eenvoudige reden is dat goud voordien al sterk was gestegen. In dollar uitgedrukt is de prijs in de afgelopen vijf jaar ongeveer verdrievoudigd. Dat betekent dat een deel van de beweging naar defensieve re\u00eble activa al ruim v\u00f3\u00f3r de laatste escalatie had plaatsgevonden.<\/p>\n\n\n\n<p>Het is ook mogelijk \u2014 en ik benadruk dat dit een marktinterpretatie is \u2014 dat beleggers in periodes van plotselinge stress aanvankelijk een deel van hun goudpositie verkopen om elders in hun portefeuilles liquiditeit te genereren.<\/p>\n\n\n\n<p>Wanneer volatiliteit toeneemt en er margin calls ontstaan in andere activaklassen, kunnen zelfs veilige havens tijdelijk als bron van liquiditeit worden gebruikt. Dat kan verklaren waarom goud niet altijd lineair stijgt in de eerste fase van een schok.<\/p>\n\n\n\n<p>Tegelijkertijd is een deel van de defensieve kapitaalstromen duidelijk naar de&nbsp;<strong>Amerikaanse dollar<\/strong>&nbsp;gegaan, en de stijging van de obligatierentes heeft het potentieel voor een veel sterkere goudrally beperkt.<\/p>\n\n\n\n<p>Met andere woorden: de markten erkennen de onzekerheid, maar prijzen nog geen monetair wanorde-scenario in.<\/p>\n\n\n\n<p>Goud heeft dus gedaan wat het hoort te doen:&nbsp;<strong>relatieve stabiliteit en een zekere bescherming bieden<\/strong>, zonder explosief te stijgen.<\/p>\n\n\n\n<hr class=\"wp-block-separator has-alpha-channel-opacity\"\/>\n\n\n\n<h3 class=\"wp-block-heading\">Onze investeringsfilosofie: focus op productieve activa<\/h3>\n\n\n\n<p>Bij&nbsp;<strong>ECP<\/strong>&nbsp;geven we doorgaans de voorkeur aan blootstelling aan grote trends via&nbsp;<strong>productieve activa die kasstromen genereren<\/strong>, in plaats van via instrumenten die uitsluitend afhankelijk zijn van prijsbewegingen.<\/p>\n\n\n\n<p>Die logica geldt rechtstreeks voor grondstoffen. In plaats van ons uitsluitend op de grondstof zelf te richten, verkiezen we vaak bedrijven die&nbsp;<strong>re\u00eble activa bezitten, kasstromen genereren en profiteren van dezelfde onderliggende trend<\/strong>.<\/p>\n\n\n\n<p>Een goed voorbeeld is&nbsp;<strong>Equinor<\/strong>, dat we aanhouden in ons&nbsp;<strong>European Value Fund<\/strong>. Via Equinor krijgen we blootstelling aan de gassector en breder aan energie, maar via een onderneming met tastbare activa, sterke kasstroomgeneratie, dividenden en een gedisciplineerde kapitaalallocatie.<\/p>\n\n\n\n<p>Dit punt is bijzonder relevant in de huidige omgeving. Zoals we in onze dagelijkse nota hebben aangegeven, zijn bepaalde delen van onze portefeuilles niet alleen blootgesteld aan de risico\u2019s van het huidige regime; ze bevatten ook&nbsp;<strong>natuurlijke beschermingsmechanismen<\/strong>, onder meer via bepaalde grondstoffenbedrijven en defensie-gerelateerde ondernemingen.<\/p>\n\n\n\n<p>Dat maakt portefeuilles uiteraard niet immuun. Maar het betekent wel dat een goed opgebouwde portefeuille niet simpelweg een passief slachtoffer is van geopolitieke stress.<\/p>\n\n\n\n<hr class=\"wp-block-separator has-alpha-channel-opacity\"\/>\n\n\n\n<h3 class=\"wp-block-heading\">Een nuttige historische herinnering<\/h3>\n\n\n\n<p>Het historische perspectief dat we vorige week deelden blijft zeer relevant.<\/p>\n\n\n\n<p><strong>Warren Buffett<\/strong>&nbsp;verwoordde het heel duidelijk:<\/p>\n\n\n\n<blockquote class=\"wp-block-quote is-layout-flow wp-block-quote-is-layout-flow\">\n<p>\u201cHet enige waar je zeker van kon zijn, was dat als we in een grote oorlog terechtkwamen, de waarde van geld zou dalen\u2026 het laatste wat je zou willen doen, is cash aanhouden tijdens een oorlog.\u201d<\/p>\n<\/blockquote>\n\n\n\n<p>Deze observatie vat een fundamentele waarheid over beleggen samen.<\/p>\n\n\n\n<p>Oorlog cre\u00ebert angst, volatiliteit en onzekerheid, maar het zijn meestal&nbsp;<strong>productieve activa<\/strong>, en niet stilstaand cashgeld, die op lange termijn het best de koopkracht behouden.<\/p>\n\n\n\n<p>Dat betekent niet dat markten ongevoelig zijn voor oorlog. Dat zijn ze uiteraard niet. Maar prijsbewegingen op korte termijn, vaak gestuurd door emoties en nieuwsberichten, mogen niet worden verward met&nbsp;<strong>langetermijnwaardecreatie<\/strong>.<\/p>\n\n\n\n<hr class=\"wp-block-separator has-alpha-channel-opacity\"\/>\n\n\n\n<h3 class=\"wp-block-heading\">Wat dit betekent voor portefeuilles<\/h3>\n\n\n\n<p>Bij&nbsp;<strong>ECP<\/strong>&nbsp;beheren we portefeuilles niet uitsluitend op basis van nieuwsberichten. We beheren ze via&nbsp;<strong>scenario-analyse, waarderingsdiscipline en diversificatie<\/strong>.<\/p>\n\n\n\n<p>De huidige omgeving is duidelijk ongemakkelijk voor bepaalde delen van de markt, maar ze is niet uniform negatief voor alle activa. Sommige segmenten kunnen zelfs gedeeltelijke&nbsp;<strong>begunstigden of schokdempers<\/strong>&nbsp;zijn in een wereld met krappe grondstoffenmarkten, hogere defensie-uitgaven en toenemende geopolitieke fragmentatie.<\/p>\n\n\n\n<p>Breder gezien versterken periodes zoals deze een principe dat al lang onze investeringsaanpak stuurt: wanneer onzekerheid toeneemt, verkiezen wij&nbsp;<strong>zorgvuldig geselecteerde ondernemingen die verbonden zijn aan schaarse middelen en re\u00eble activa<\/strong>, in plaats van te proberen de kortetermijn-macro-ruis te traden.<\/p>\n\n\n\n<hr class=\"wp-block-separator has-alpha-channel-opacity\"\/>\n\n\n\n<h3 class=\"wp-block-heading\">Onze huidige beoordeling<\/h3>\n\n\n\n<p>Ons basisscenario blijft dat dit conflict, hoewel ernstig,&nbsp;<strong>nog geen systemisch evenement voor de wereldwijde financi\u00eble markten<\/strong>&nbsp;vormt.<\/p>\n\n\n\n<p>Het belangrijkste kanaal waardoor dit zou kunnen veranderen is&nbsp;<strong>energie<\/strong>.<\/p>\n\n\n\n<p>Dat is dus wat we het nauwlettendst volgen.<\/p>\n\n\n\n<p>Als de situatie stabiliseert, zullen de markten zich opnieuw richten op de fundamenten:&nbsp;<strong>winsten, waarderingen, groei en het beleid van centrale banken<\/strong>.<\/p>\n\n\n\n<p>Indien de energieverstoring echter toeneemt en olie- en gasprijzen sterk en langdurig stijgen, zullen inflatieverwachtingen en monetair beleid opnieuw moeten worden herzien.<\/p>\n\n\n\n<p>Voorlopig is de juiste reactie&nbsp;<strong>noch zelfgenoegzaamheid, noch paniek<\/strong>.<\/p>\n\n\n\n<p>Het is&nbsp;<strong>discipline<\/strong>.<\/p>\n\n\n\n<p>Als langetermijnbeleggers blijven we ervan overtuigd dat periodes van volatiliteit in hun juiste perspectief moeten worden geplaatst. Emotionele marktbewegingen kunnen hevig zijn, maar ze veranderen het fundamentele principe van beleggen niet:&nbsp;<strong>op lange termijn blijft het bezit van zorgvuldig geselecteerde productieve activa een van de meest robuuste manieren om kapitaal te beschermen en te laten groeien.<\/strong><\/p>\n\n\n\n<hr class=\"wp-block-separator has-alpha-channel-opacity\"\/>\n\n\n\n<p>Ik hoop dat deze informatie interessant en nuttig voor u was.<br>Aarzel vooral niet om contact met mij op te nemen. Ik hoor graag van u.<\/p>\n\n\n\n<p><strong>L\u00e9on Kirch<\/strong><br>CEO &amp; CIO<br>European Capital Partners<\/p>\n\n\n\n<hr class=\"wp-block-separator has-alpha-channel-opacity\"\/>\n","protected":false},"excerpt":{"rendered":"<p>Hoe reageert een VALUE-beheerder zoals L\u00e9on Kirch in een conflict zoals we dat vandaag kennen? Het&#8230; <span class=\"moreLink\"><a href=\"https:\/\/elite-news.com\/nl\/conflict-in-het-midden-oosten-energierisicos-staan-centraal-in-de-aandacht\/\">+<\/a><\/span><\/p>\n","protected":false},"author":3,"featured_media":6491,"comment_status":"closed","ping_status":"closed","sticky":false,"template":"","format":"standard","meta":{"_acf_changed":false,"footnotes":""},"categories":[29],"tags":[],"class_list":["post-8212","post","type-post","status-publish","format-standard","has-post-thumbnail","hentry","category-beleggersruimte"],"acf":[],"yoast_head":"<!-- This site is optimized with the Yoast SEO plugin v27.5 - https:\/\/yoast.com\/product\/yoast-seo-wordpress\/ -->\n<title>Conflict in het Midden-Oosten: energierisico\u2019s staan centraal in de aandacht. - Elite News<\/title>\n<meta name=\"description\" content=\"Hoe reageert een VALUE-beheerder zoals L\u00e9on Kirch in een conflict zoals we dat vandaag kennen?Het antwoord vindt u in zijn zeer uitgebreide nota.\" \/>\n<meta name=\"robots\" content=\"index, follow, max-snippet:-1, max-image-preview:large, max-video-preview:-1\" \/>\n<link rel=\"canonical\" href=\"https:\/\/elite-news.com\/nl\/conflict-in-het-midden-oosten-energierisicos-staan-centraal-in-de-aandacht\/\" \/>\n<meta property=\"og:locale\" content=\"nl_NL\" \/>\n<meta property=\"og:type\" content=\"article\" \/>\n<meta property=\"og:title\" content=\"Conflict in het Midden-Oosten: energierisico\u2019s staan centraal in de aandacht.\" \/>\n<meta property=\"og:description\" content=\"Hoe reageert een VALUE-beheerder zoals L\u00e9on Kirch in een conflict zoals we dat vandaag kennen?Het antwoord vindt u in zijn zeer uitgebreide nota.\" \/>\n<meta property=\"og:url\" content=\"https:\/\/elite-news.com\/nl\/conflict-in-het-midden-oosten-energierisicos-staan-centraal-in-de-aandacht\/\" \/>\n<meta property=\"og:site_name\" content=\"Elite News\" \/>\n<meta property=\"article:published_time\" content=\"2026-03-10T11:17:50+00:00\" \/>\n<meta property=\"article:modified_time\" content=\"2026-03-10T11:17:54+00:00\" \/>\n<meta property=\"og:image\" content=\"https:\/\/elite-news.com\/wp-content\/uploads\/2025\/09\/ecparticle.jpg\" \/>\n\t<meta property=\"og:image:width\" content=\"940\" \/>\n\t<meta property=\"og:image:height\" content=\"788\" \/>\n\t<meta property=\"og:image:type\" content=\"image\/jpeg\" \/>\n<meta name=\"author\" content=\"laetitia\" \/>\n<meta name=\"twitter:card\" content=\"summary_large_image\" \/>\n<meta name=\"twitter:label1\" content=\"Geschreven door\" \/>\n\t<meta name=\"twitter:data1\" content=\"laetitia\" \/>\n\t<meta name=\"twitter:label2\" content=\"Geschatte leestijd\" \/>\n\t<meta name=\"twitter:data2\" content=\"9 minuten\" \/>\n<script type=\"application\/ld+json\" class=\"yoast-schema-graph\">{\"@context\":\"https:\\\/\\\/schema.org\",\"@graph\":[{\"@type\":\"Article\",\"@id\":\"https:\\\/\\\/elite-news.com\\\/nl\\\/conflict-in-het-midden-oosten-energierisicos-staan-centraal-in-de-aandacht\\\/#article\",\"isPartOf\":{\"@id\":\"https:\\\/\\\/elite-news.com\\\/nl\\\/conflict-in-het-midden-oosten-energierisicos-staan-centraal-in-de-aandacht\\\/\"},\"author\":{\"name\":\"laetitia\",\"@id\":\"https:\\\/\\\/elite-news.com\\\/nl\\\/#\\\/schema\\\/person\\\/c5f770cdeef46978f121b73602eab781\"},\"headline\":\"Conflict in het Midden-Oosten: energierisico\u2019s staan centraal in de aandacht.\",\"datePublished\":\"2026-03-10T11:17:50+00:00\",\"dateModified\":\"2026-03-10T11:17:54+00:00\",\"mainEntityOfPage\":{\"@id\":\"https:\\\/\\\/elite-news.com\\\/nl\\\/conflict-in-het-midden-oosten-energierisicos-staan-centraal-in-de-aandacht\\\/\"},\"wordCount\":1709,\"image\":{\"@id\":\"https:\\\/\\\/elite-news.com\\\/nl\\\/conflict-in-het-midden-oosten-energierisicos-staan-centraal-in-de-aandacht\\\/#primaryimage\"},\"thumbnailUrl\":\"https:\\\/\\\/elite-news.com\\\/wp-content\\\/uploads\\\/2025\\\/09\\\/ecparticle.jpg\",\"articleSection\":[\"Beleggersruimte\"],\"inLanguage\":\"nl-NL\"},{\"@type\":\"WebPage\",\"@id\":\"https:\\\/\\\/elite-news.com\\\/nl\\\/conflict-in-het-midden-oosten-energierisicos-staan-centraal-in-de-aandacht\\\/\",\"url\":\"https:\\\/\\\/elite-news.com\\\/nl\\\/conflict-in-het-midden-oosten-energierisicos-staan-centraal-in-de-aandacht\\\/\",\"name\":\"Conflict in het Midden-Oosten: energierisico\u2019s staan centraal in de aandacht. - Elite News\",\"isPartOf\":{\"@id\":\"https:\\\/\\\/elite-news.com\\\/nl\\\/#website\"},\"primaryImageOfPage\":{\"@id\":\"https:\\\/\\\/elite-news.com\\\/nl\\\/conflict-in-het-midden-oosten-energierisicos-staan-centraal-in-de-aandacht\\\/#primaryimage\"},\"image\":{\"@id\":\"https:\\\/\\\/elite-news.com\\\/nl\\\/conflict-in-het-midden-oosten-energierisicos-staan-centraal-in-de-aandacht\\\/#primaryimage\"},\"thumbnailUrl\":\"https:\\\/\\\/elite-news.com\\\/wp-content\\\/uploads\\\/2025\\\/09\\\/ecparticle.jpg\",\"datePublished\":\"2026-03-10T11:17:50+00:00\",\"dateModified\":\"2026-03-10T11:17:54+00:00\",\"author\":{\"@id\":\"https:\\\/\\\/elite-news.com\\\/nl\\\/#\\\/schema\\\/person\\\/c5f770cdeef46978f121b73602eab781\"},\"description\":\"Hoe reageert een VALUE-beheerder zoals L\u00e9on Kirch in een conflict zoals we dat vandaag kennen?Het antwoord vindt u in zijn zeer uitgebreide nota.\",\"breadcrumb\":{\"@id\":\"https:\\\/\\\/elite-news.com\\\/nl\\\/conflict-in-het-midden-oosten-energierisicos-staan-centraal-in-de-aandacht\\\/#breadcrumb\"},\"inLanguage\":\"nl-NL\",\"potentialAction\":[{\"@type\":\"ReadAction\",\"target\":[\"https:\\\/\\\/elite-news.com\\\/nl\\\/conflict-in-het-midden-oosten-energierisicos-staan-centraal-in-de-aandacht\\\/\"]}]},{\"@type\":\"ImageObject\",\"inLanguage\":\"nl-NL\",\"@id\":\"https:\\\/\\\/elite-news.com\\\/nl\\\/conflict-in-het-midden-oosten-energierisicos-staan-centraal-in-de-aandacht\\\/#primaryimage\",\"url\":\"https:\\\/\\\/elite-news.com\\\/wp-content\\\/uploads\\\/2025\\\/09\\\/ecparticle.jpg\",\"contentUrl\":\"https:\\\/\\\/elite-news.com\\\/wp-content\\\/uploads\\\/2025\\\/09\\\/ecparticle.jpg\",\"width\":940,\"height\":788},{\"@type\":\"BreadcrumbList\",\"@id\":\"https:\\\/\\\/elite-news.com\\\/nl\\\/conflict-in-het-midden-oosten-energierisicos-staan-centraal-in-de-aandacht\\\/#breadcrumb\",\"itemListElement\":[{\"@type\":\"ListItem\",\"position\":1,\"name\":\"Accueil\",\"item\":\"https:\\\/\\\/elite-news.com\\\/nl\\\/\"},{\"@type\":\"ListItem\",\"position\":2,\"name\":\"Conflict in het Midden-Oosten: energierisico\u2019s staan centraal in de aandacht.\"}]},{\"@type\":\"WebSite\",\"@id\":\"https:\\\/\\\/elite-news.com\\\/nl\\\/#website\",\"url\":\"https:\\\/\\\/elite-news.com\\\/nl\\\/\",\"name\":\"Elite News\",\"description\":\"Votre plateforme financi\u00e8re de confiance\",\"potentialAction\":[{\"@type\":\"SearchAction\",\"target\":{\"@type\":\"EntryPoint\",\"urlTemplate\":\"https:\\\/\\\/elite-news.com\\\/nl\\\/?s={search_term_string}\"},\"query-input\":{\"@type\":\"PropertyValueSpecification\",\"valueRequired\":true,\"valueName\":\"search_term_string\"}}],\"inLanguage\":\"nl-NL\"},{\"@type\":\"Person\",\"@id\":\"https:\\\/\\\/elite-news.com\\\/nl\\\/#\\\/schema\\\/person\\\/c5f770cdeef46978f121b73602eab781\",\"name\":\"laetitia\",\"image\":{\"@type\":\"ImageObject\",\"inLanguage\":\"nl-NL\",\"@id\":\"https:\\\/\\\/secure.gravatar.com\\\/avatar\\\/1a96fe00402dee4f558eb9b663de1f8bec3f1c4400a376a0bd9036b35fd3bda8?s=96&d=mm&r=g\",\"url\":\"https:\\\/\\\/secure.gravatar.com\\\/avatar\\\/1a96fe00402dee4f558eb9b663de1f8bec3f1c4400a376a0bd9036b35fd3bda8?s=96&d=mm&r=g\",\"contentUrl\":\"https:\\\/\\\/secure.gravatar.com\\\/avatar\\\/1a96fe00402dee4f558eb9b663de1f8bec3f1c4400a376a0bd9036b35fd3bda8?s=96&d=mm&r=g\",\"caption\":\"laetitia\"},\"url\":\"https:\\\/\\\/elite-news.com\\\/nl\\\/author\\\/laetitia\\\/\"}]}<\/script>\n<!-- \/ Yoast SEO plugin. -->","yoast_head_json":{"title":"Conflict in het Midden-Oosten: energierisico\u2019s staan centraal in de aandacht. - Elite News","description":"Hoe reageert een VALUE-beheerder zoals L\u00e9on Kirch in een conflict zoals we dat vandaag kennen?Het antwoord vindt u in zijn zeer uitgebreide nota.","robots":{"index":"index","follow":"follow","max-snippet":"max-snippet:-1","max-image-preview":"max-image-preview:large","max-video-preview":"max-video-preview:-1"},"canonical":"https:\/\/elite-news.com\/nl\/conflict-in-het-midden-oosten-energierisicos-staan-centraal-in-de-aandacht\/","og_locale":"nl_NL","og_type":"article","og_title":"Conflict in het Midden-Oosten: energierisico\u2019s staan centraal in de aandacht.","og_description":"Hoe reageert een VALUE-beheerder zoals L\u00e9on Kirch in een conflict zoals we dat vandaag kennen?Het antwoord vindt u in zijn zeer uitgebreide nota.","og_url":"https:\/\/elite-news.com\/nl\/conflict-in-het-midden-oosten-energierisicos-staan-centraal-in-de-aandacht\/","og_site_name":"Elite News","article_published_time":"2026-03-10T11:17:50+00:00","article_modified_time":"2026-03-10T11:17:54+00:00","og_image":[{"width":940,"height":788,"url":"https:\/\/elite-news.com\/wp-content\/uploads\/2025\/09\/ecparticle.jpg","type":"image\/jpeg"}],"author":"laetitia","twitter_card":"summary_large_image","twitter_misc":{"Geschreven door":"laetitia","Geschatte leestijd":"9 minuten"},"schema":{"@context":"https:\/\/schema.org","@graph":[{"@type":"Article","@id":"https:\/\/elite-news.com\/nl\/conflict-in-het-midden-oosten-energierisicos-staan-centraal-in-de-aandacht\/#article","isPartOf":{"@id":"https:\/\/elite-news.com\/nl\/conflict-in-het-midden-oosten-energierisicos-staan-centraal-in-de-aandacht\/"},"author":{"name":"laetitia","@id":"https:\/\/elite-news.com\/nl\/#\/schema\/person\/c5f770cdeef46978f121b73602eab781"},"headline":"Conflict in het Midden-Oosten: energierisico\u2019s staan centraal in de aandacht.","datePublished":"2026-03-10T11:17:50+00:00","dateModified":"2026-03-10T11:17:54+00:00","mainEntityOfPage":{"@id":"https:\/\/elite-news.com\/nl\/conflict-in-het-midden-oosten-energierisicos-staan-centraal-in-de-aandacht\/"},"wordCount":1709,"image":{"@id":"https:\/\/elite-news.com\/nl\/conflict-in-het-midden-oosten-energierisicos-staan-centraal-in-de-aandacht\/#primaryimage"},"thumbnailUrl":"https:\/\/elite-news.com\/wp-content\/uploads\/2025\/09\/ecparticle.jpg","articleSection":["Beleggersruimte"],"inLanguage":"nl-NL"},{"@type":"WebPage","@id":"https:\/\/elite-news.com\/nl\/conflict-in-het-midden-oosten-energierisicos-staan-centraal-in-de-aandacht\/","url":"https:\/\/elite-news.com\/nl\/conflict-in-het-midden-oosten-energierisicos-staan-centraal-in-de-aandacht\/","name":"Conflict in het Midden-Oosten: energierisico\u2019s staan centraal in de aandacht. - Elite News","isPartOf":{"@id":"https:\/\/elite-news.com\/nl\/#website"},"primaryImageOfPage":{"@id":"https:\/\/elite-news.com\/nl\/conflict-in-het-midden-oosten-energierisicos-staan-centraal-in-de-aandacht\/#primaryimage"},"image":{"@id":"https:\/\/elite-news.com\/nl\/conflict-in-het-midden-oosten-energierisicos-staan-centraal-in-de-aandacht\/#primaryimage"},"thumbnailUrl":"https:\/\/elite-news.com\/wp-content\/uploads\/2025\/09\/ecparticle.jpg","datePublished":"2026-03-10T11:17:50+00:00","dateModified":"2026-03-10T11:17:54+00:00","author":{"@id":"https:\/\/elite-news.com\/nl\/#\/schema\/person\/c5f770cdeef46978f121b73602eab781"},"description":"Hoe reageert een VALUE-beheerder zoals L\u00e9on Kirch in een conflict zoals we dat vandaag kennen?Het antwoord vindt u in zijn zeer uitgebreide nota.","breadcrumb":{"@id":"https:\/\/elite-news.com\/nl\/conflict-in-het-midden-oosten-energierisicos-staan-centraal-in-de-aandacht\/#breadcrumb"},"inLanguage":"nl-NL","potentialAction":[{"@type":"ReadAction","target":["https:\/\/elite-news.com\/nl\/conflict-in-het-midden-oosten-energierisicos-staan-centraal-in-de-aandacht\/"]}]},{"@type":"ImageObject","inLanguage":"nl-NL","@id":"https:\/\/elite-news.com\/nl\/conflict-in-het-midden-oosten-energierisicos-staan-centraal-in-de-aandacht\/#primaryimage","url":"https:\/\/elite-news.com\/wp-content\/uploads\/2025\/09\/ecparticle.jpg","contentUrl":"https:\/\/elite-news.com\/wp-content\/uploads\/2025\/09\/ecparticle.jpg","width":940,"height":788},{"@type":"BreadcrumbList","@id":"https:\/\/elite-news.com\/nl\/conflict-in-het-midden-oosten-energierisicos-staan-centraal-in-de-aandacht\/#breadcrumb","itemListElement":[{"@type":"ListItem","position":1,"name":"Accueil","item":"https:\/\/elite-news.com\/nl\/"},{"@type":"ListItem","position":2,"name":"Conflict in het Midden-Oosten: energierisico\u2019s staan centraal in de aandacht."}]},{"@type":"WebSite","@id":"https:\/\/elite-news.com\/nl\/#website","url":"https:\/\/elite-news.com\/nl\/","name":"Elite News","description":"Votre plateforme financi\u00e8re de confiance","potentialAction":[{"@type":"SearchAction","target":{"@type":"EntryPoint","urlTemplate":"https:\/\/elite-news.com\/nl\/?s={search_term_string}"},"query-input":{"@type":"PropertyValueSpecification","valueRequired":true,"valueName":"search_term_string"}}],"inLanguage":"nl-NL"},{"@type":"Person","@id":"https:\/\/elite-news.com\/nl\/#\/schema\/person\/c5f770cdeef46978f121b73602eab781","name":"laetitia","image":{"@type":"ImageObject","inLanguage":"nl-NL","@id":"https:\/\/secure.gravatar.com\/avatar\/1a96fe00402dee4f558eb9b663de1f8bec3f1c4400a376a0bd9036b35fd3bda8?s=96&d=mm&r=g","url":"https:\/\/secure.gravatar.com\/avatar\/1a96fe00402dee4f558eb9b663de1f8bec3f1c4400a376a0bd9036b35fd3bda8?s=96&d=mm&r=g","contentUrl":"https:\/\/secure.gravatar.com\/avatar\/1a96fe00402dee4f558eb9b663de1f8bec3f1c4400a376a0bd9036b35fd3bda8?s=96&d=mm&r=g","caption":"laetitia"},"url":"https:\/\/elite-news.com\/nl\/author\/laetitia\/"}]}},"_links":{"self":[{"href":"https:\/\/elite-news.com\/nl\/wp-json\/wp\/v2\/posts\/8212","targetHints":{"allow":["GET"]}}],"collection":[{"href":"https:\/\/elite-news.com\/nl\/wp-json\/wp\/v2\/posts"}],"about":[{"href":"https:\/\/elite-news.com\/nl\/wp-json\/wp\/v2\/types\/post"}],"author":[{"embeddable":true,"href":"https:\/\/elite-news.com\/nl\/wp-json\/wp\/v2\/users\/3"}],"replies":[{"embeddable":true,"href":"https:\/\/elite-news.com\/nl\/wp-json\/wp\/v2\/comments?post=8212"}],"version-history":[{"count":1,"href":"https:\/\/elite-news.com\/nl\/wp-json\/wp\/v2\/posts\/8212\/revisions"}],"predecessor-version":[{"id":8213,"href":"https:\/\/elite-news.com\/nl\/wp-json\/wp\/v2\/posts\/8212\/revisions\/8213"}],"wp:featuredmedia":[{"embeddable":true,"href":"https:\/\/elite-news.com\/nl\/wp-json\/wp\/v2\/media\/6491"}],"wp:attachment":[{"href":"https:\/\/elite-news.com\/nl\/wp-json\/wp\/v2\/media?parent=8212"}],"wp:term":[{"taxonomy":"category","embeddable":true,"href":"https:\/\/elite-news.com\/nl\/wp-json\/wp\/v2\/categories?post=8212"},{"taxonomy":"post_tag","embeddable":true,"href":"https:\/\/elite-news.com\/nl\/wp-json\/wp\/v2\/tags?post=8212"}],"curies":[{"name":"wp","href":"https:\/\/api.w.org\/{rel}","templated":true}]}}